{"id":6317,"date":"2026-04-03T11:59:04","date_gmt":"2026-04-03T09:59:04","guid":{"rendered":"https:\/\/www.singakademie-stuttgart.de\/?p=6317"},"modified":"2026-04-08T12:36:06","modified_gmt":"2026-04-08T10:36:06","slug":"rueckblick-passionskonzerte-2026","status":"publish","type":"post","link":"https:\/\/www.singakademie-stuttgart.de\/index.php\/2026\/04\/rueckblick-passionskonzerte-2026\/","title":{"rendered":"R\u00fcckblick: Passionskonzerte 2026"},"content":{"rendered":"<p>Ergriffenes Nachh\u00f6ren, dann Standing Ovations.<br \/>\nMit einem fein austarierten a cappella-Programm stimmten wir in Schw\u00e4bisch Hall und Freudenstadt mit unseren diesj\u00e4hrigen Passionskonzerten auf Ostern ein.<\/p>\n<p>Zu Beginn entfaltete sich in Frank Martins <em>Kyrie<\/em> jene charakteristische Mischung aus Innigkeit und klanglicher Transparenz, die das Werk so besonders macht.<br \/>\nAntonio Lottis beiden <em>Crucifixus<\/em>-Vertonungen f\u00fcr acht- bzw. zehnstimmigen Chor boten barocke Ausdruckskraft. Eine ganz andere Art der Klangf\u00fclle als in Felix Mendelssohns <em>Psalm 22<\/em>, welcher den emotionalen Mittelpunkt der Konzerte bildete.<br \/>\nUnd es gab Ausz\u00fcge aus Bachs Matth\u00e4uspassion, arrangiert von Stefan Weible, der uns immer wieder anspruchsvolle Arrangements auf den Leib schneidert, diesmal <em>\u201eMache dich, mein Herze, rein\u201c<\/em> sowie <em>\u201eWir setzen uns mit Tr\u00e4nen nieder\u201c<\/em> (Urauff\u00fchrung).<\/p>\n<figure id=\"attachment_6318\" aria-describedby=\"caption-attachment-6318\" style=\"width: 512px\" class=\"wp-caption aligncenter\"><a href=\"https:\/\/www.singakademie-stuttgart.de\/wp-content\/uploads\/2026\/04\/2026_freudenstadt.jpg\"><img fetchpriority=\"high\" decoding=\"async\" class=\"wp-image-6318\" src=\"https:\/\/www.singakademie-stuttgart.de\/wp-content\/uploads\/2026\/04\/2026_freudenstadt-300x200.jpg\" alt=\"\" width=\"512\" height=\"342\" srcset=\"https:\/\/www.singakademie-stuttgart.de\/wp-content\/uploads\/2026\/04\/2026_freudenstadt-300x200.jpg 300w, https:\/\/www.singakademie-stuttgart.de\/wp-content\/uploads\/2026\/04\/2026_freudenstadt-768x512.jpg 768w, https:\/\/www.singakademie-stuttgart.de\/wp-content\/uploads\/2026\/04\/2026_freudenstadt-150x100.jpg 150w, https:\/\/www.singakademie-stuttgart.de\/wp-content\/uploads\/2026\/04\/2026_freudenstadt.jpg 1024w\" sizes=\"(max-width: 512px) 100vw, 512px\" \/><\/a><figcaption id=\"caption-attachment-6318\" class=\"wp-caption-text\">Foto: Guido Beck (2026)<\/figcaption><\/figure>\n<p>Mit Rheinbergers Abendlied beschlossen wir den Abend, der tief ber\u00fchrte und eindrucksvoll zeigte, wie vielf\u00e4ltig und ausdrucksstark geistliche Chormusik a cappella wirken kann.<\/p>\n<p>Frohe Ostern!<\/p>\n","protected":false},"excerpt":{"rendered":"<p>Ergriffenes Nachh\u00f6ren, dann Standing Ovations. Mit einem fein austarierten a cappella-Programm stimmten wir in Schw\u00e4bisch Hall und Freudenstadt mit unseren diesj\u00e4hrigen Passionskonzerten auf Ostern ein. Zu Beginn entfaltete sich in Frank Martins Kyrie jene charakteristische Mischung aus Innigkeit und klanglicher Transparenz, die das Werk so besonders macht. Antonio Lottis beiden Crucifixus-Vertonungen f\u00fcr acht- bzw. zehnstimmigen &hellip; <\/p>\n<p class=\"link-more\"><a href=\"https:\/\/www.singakademie-stuttgart.de\/index.php\/2026\/04\/rueckblick-passionskonzerte-2026\/\" class=\"more-link\"><span class=\"screen-reader-text\">\u201eR\u00fcckblick: Passionskonzerte 2026\u201c<\/span> weiterlesen<\/a><\/p>\n","protected":false},"author":3,"featured_media":6318,"comment_status":"closed","ping_status":"closed","sticky":false,"template":"","format":"standard","meta":{"footnotes":""},"categories":[1],"tags":[],"class_list":["post-6317","post","type-post","status-publish","format-standard","has-post-thumbnail","hentry","category-allgemein"],"_links":{"self":[{"href":"https:\/\/www.singakademie-stuttgart.de\/index.php\/wp-json\/wp\/v2\/posts\/6317","targetHints":{"allow":["GET"]}}],"collection":[{"href":"https:\/\/www.singakademie-stuttgart.de\/index.php\/wp-json\/wp\/v2\/posts"}],"about":[{"href":"https:\/\/www.singakademie-stuttgart.de\/index.php\/wp-json\/wp\/v2\/types\/post"}],"author":[{"embeddable":true,"href":"https:\/\/www.singakademie-stuttgart.de\/index.php\/wp-json\/wp\/v2\/users\/3"}],"replies":[{"embeddable":true,"href":"https:\/\/www.singakademie-stuttgart.de\/index.php\/wp-json\/wp\/v2\/comments?post=6317"}],"version-history":[{"count":3,"href":"https:\/\/www.singakademie-stuttgart.de\/index.php\/wp-json\/wp\/v2\/posts\/6317\/revisions"}],"predecessor-version":[{"id":6322,"href":"https:\/\/www.singakademie-stuttgart.de\/index.php\/wp-json\/wp\/v2\/posts\/6317\/revisions\/6322"}],"wp:featuredmedia":[{"embeddable":true,"href":"https:\/\/www.singakademie-stuttgart.de\/index.php\/wp-json\/wp\/v2\/media\/6318"}],"wp:attachment":[{"href":"https:\/\/www.singakademie-stuttgart.de\/index.php\/wp-json\/wp\/v2\/media?parent=6317"}],"wp:term":[{"taxonomy":"category","embeddable":true,"href":"https:\/\/www.singakademie-stuttgart.de\/index.php\/wp-json\/wp\/v2\/categories?post=6317"},{"taxonomy":"post_tag","embeddable":true,"href":"https:\/\/www.singakademie-stuttgart.de\/index.php\/wp-json\/wp\/v2\/tags?post=6317"}],"curies":[{"name":"wp","href":"https:\/\/api.w.org\/{rel}","templated":true}]}}