{"id":6183,"date":"2026-01-09T16:42:04","date_gmt":"2026-01-09T15:42:04","guid":{"rendered":"https:\/\/www.singakademie-stuttgart.de\/?p=6183"},"modified":"2026-01-09T16:42:04","modified_gmt":"2026-01-09T15:42:04","slug":"rueckblick-adventskonzert-in-der-pauluskirche","status":"publish","type":"post","link":"https:\/\/www.singakademie-stuttgart.de\/index.php\/2026\/01\/rueckblick-adventskonzert-in-der-pauluskirche\/","title":{"rendered":"R\u00fcckblick: Adventskonzert in der Pauluskirche"},"content":{"rendered":"<p>Zum Jahresabschluss und dritten Advent am 14.12.2025 haben wir uns in der Pauluskirche (Stuttgart-West) selbst mit Bachs Weihnachtsoratorium (Teile IV-VI) beschenkt.<br \/>\nDer festliche Schlusschor hallte lange nach. Im Nachhall lag auch ein Gef\u00fchl von<br \/>\nVerbundenheit.<br \/>\nVerbundenheit zwischen uns Chors\u00e4ngerinnen und -s\u00e4ngern, Verbundenheit<br \/>\nmit unserem Dirigenten Stefan Weible, Verbundenheit mit unserem treuen<br \/>\nPublikum, das diesmal bei den Chor\u00e4len mitgesungen hat, Verbundenheit mit<br \/>\nden Solistinnen und Solisten aus den eigenen Reihen, die sich mutig hinstellten<br \/>\nund teils sehr virtuose Partien bew\u00e4ltigten, Verbundenheit mit dem<br \/>\nSinfonieorchester Ludwigsburger und dem Tenor Sam Harris. Und<br \/>\nVerbundenheit zur Musik Johann Sebastian Bachs, die uns wieder einmal<br \/>\nverzaubert und gefordert hat.<\/p>\n<p>Was f\u00fcr ein Abschluss. Das Jahr 2026 kann kommen.<\/p>\n<p>Frohe Weihnachten!<\/p>\n","protected":false},"excerpt":{"rendered":"<p>Zum Jahresabschluss und dritten Advent am 14.12.2025 haben wir uns in der Pauluskirche (Stuttgart-West) selbst mit Bachs Weihnachtsoratorium (Teile IV-VI) beschenkt. Der festliche Schlusschor hallte lange nach. Im Nachhall lag auch ein Gef\u00fchl von Verbundenheit. Verbundenheit zwischen uns Chors\u00e4ngerinnen und -s\u00e4ngern, Verbundenheit mit unserem Dirigenten Stefan Weible, Verbundenheit mit unserem treuen Publikum, das diesmal bei &hellip; <\/p>\n<p class=\"link-more\"><a href=\"https:\/\/www.singakademie-stuttgart.de\/index.php\/2026\/01\/rueckblick-adventskonzert-in-der-pauluskirche\/\" class=\"more-link\"><span class=\"screen-reader-text\">\u201eR\u00fcckblick: Adventskonzert in der Pauluskirche\u201c<\/span> weiterlesen<\/a><\/p>\n","protected":false},"author":3,"featured_media":5872,"comment_status":"closed","ping_status":"closed","sticky":false,"template":"","format":"standard","meta":{"footnotes":""},"categories":[1],"tags":[],"class_list":["post-6183","post","type-post","status-publish","format-standard","has-post-thumbnail","hentry","category-allgemein"],"_links":{"self":[{"href":"https:\/\/www.singakademie-stuttgart.de\/index.php\/wp-json\/wp\/v2\/posts\/6183","targetHints":{"allow":["GET"]}}],"collection":[{"href":"https:\/\/www.singakademie-stuttgart.de\/index.php\/wp-json\/wp\/v2\/posts"}],"about":[{"href":"https:\/\/www.singakademie-stuttgart.de\/index.php\/wp-json\/wp\/v2\/types\/post"}],"author":[{"embeddable":true,"href":"https:\/\/www.singakademie-stuttgart.de\/index.php\/wp-json\/wp\/v2\/users\/3"}],"replies":[{"embeddable":true,"href":"https:\/\/www.singakademie-stuttgart.de\/index.php\/wp-json\/wp\/v2\/comments?post=6183"}],"version-history":[{"count":1,"href":"https:\/\/www.singakademie-stuttgart.de\/index.php\/wp-json\/wp\/v2\/posts\/6183\/revisions"}],"predecessor-version":[{"id":6184,"href":"https:\/\/www.singakademie-stuttgart.de\/index.php\/wp-json\/wp\/v2\/posts\/6183\/revisions\/6184"}],"wp:featuredmedia":[{"embeddable":true,"href":"https:\/\/www.singakademie-stuttgart.de\/index.php\/wp-json\/wp\/v2\/media\/5872"}],"wp:attachment":[{"href":"https:\/\/www.singakademie-stuttgart.de\/index.php\/wp-json\/wp\/v2\/media?parent=6183"}],"wp:term":[{"taxonomy":"category","embeddable":true,"href":"https:\/\/www.singakademie-stuttgart.de\/index.php\/wp-json\/wp\/v2\/categories?post=6183"},{"taxonomy":"post_tag","embeddable":true,"href":"https:\/\/www.singakademie-stuttgart.de\/index.php\/wp-json\/wp\/v2\/tags?post=6183"}],"curies":[{"name":"wp","href":"https:\/\/api.w.org\/{rel}","templated":true}]}}