{"id":2813,"date":"2022-04-23T13:43:46","date_gmt":"2022-04-23T11:43:46","guid":{"rendered":"https:\/\/www.singakademie-stuttgart.de\/?p=2813"},"modified":"2022-05-15T10:30:54","modified_gmt":"2022-05-15T08:30:54","slug":"auf-der-reise","status":"publish","type":"post","link":"https:\/\/www.singakademie-stuttgart.de\/index.php\/2022\/04\/auf-der-reise\/","title":{"rendered":"Auf der Reise"},"content":{"rendered":"<p>Mit der Auff\u00fchrung der <em>Winterreise<\/em> am 8. April 2022 in der Gaisburger Kirche konnte die Singakademie Stuttgart nach langer Zeit endlich wieder ein eigenes Konzert veranstalten.<\/p>\n<figure id=\"attachment_2817\" aria-describedby=\"caption-attachment-2817\" style=\"width: 400px\" class=\"wp-caption aligncenter\"><a href=\"https:\/\/www.singakademie-stuttgart.de\/wp-content\/uploads\/2022\/04\/2022_winterreise_128.jpg\" target=\"_blank\" rel=\"noopener\"><img fetchpriority=\"high\" decoding=\"async\" class=\"wp-image-2817\" src=\"https:\/\/www.singakademie-stuttgart.de\/wp-content\/uploads\/2022\/04\/2022_winterreise_128-300x225.jpg\" alt=\"\" width=\"400\" height=\"300\" srcset=\"https:\/\/www.singakademie-stuttgart.de\/wp-content\/uploads\/2022\/04\/2022_winterreise_128-300x225.jpg 300w, https:\/\/www.singakademie-stuttgart.de\/wp-content\/uploads\/2022\/04\/2022_winterreise_128-150x113.jpg 150w, https:\/\/www.singakademie-stuttgart.de\/wp-content\/uploads\/2022\/04\/2022_winterreise_128-768x576.jpg 768w, https:\/\/www.singakademie-stuttgart.de\/wp-content\/uploads\/2022\/04\/2022_winterreise_128.jpg 800w\" sizes=\"(max-width: 400px) 100vw, 400px\" \/><\/a><figcaption id=\"caption-attachment-2817\" class=\"wp-caption-text\">Foto: Holger Schneider \u00a9 2022<\/figcaption><\/figure>\n<p>Urspr\u00fcnglich wurde die <em>Winterreise<\/em> von Franz Schubert (1797-1828) als Kunstlied f\u00fcr Solo und Klavierbegleitung komponiert. Gregor Meyer (*1979) bearbeitete Schuberts Original als Fassung f\u00fcr Bariton, Chor und Klavier, um einen der bedeutendsten Liedzyklen f\u00fcr ein breiteres aktives Klientel zug\u00e4nglich zu machen. Eigens f\u00fcr unsere Auff\u00fchrung arrangierte Peter Klemke (*1944) eine Fassung f\u00fcr zwei Marimbas.<\/p>\n<figure id=\"attachment_2816\" aria-describedby=\"caption-attachment-2816\" style=\"width: 400px\" class=\"wp-caption aligncenter\"><a href=\"https:\/\/www.singakademie-stuttgart.de\/wp-content\/uploads\/2022\/04\/2022_winterreise_075.jpg\" target=\"_blank\" rel=\"noopener\"><img decoding=\"async\" class=\"wp-image-2816\" src=\"https:\/\/www.singakademie-stuttgart.de\/wp-content\/uploads\/2022\/04\/2022_winterreise_075-300x201.jpg\" alt=\"\" width=\"400\" height=\"268\" srcset=\"https:\/\/www.singakademie-stuttgart.de\/wp-content\/uploads\/2022\/04\/2022_winterreise_075-300x201.jpg 300w, https:\/\/www.singakademie-stuttgart.de\/wp-content\/uploads\/2022\/04\/2022_winterreise_075-150x100.jpg 150w, https:\/\/www.singakademie-stuttgart.de\/wp-content\/uploads\/2022\/04\/2022_winterreise_075-768x514.jpg 768w, https:\/\/www.singakademie-stuttgart.de\/wp-content\/uploads\/2022\/04\/2022_winterreise_075.jpg 800w\" sizes=\"(max-width: 400px) 100vw, 400px\" \/><\/a><figcaption id=\"caption-attachment-2816\" class=\"wp-caption-text\">Foto: Holger Schneider \u00a9 2022<\/figcaption><\/figure>\n<p>Katarzyna My\u0107ka und Virginia Alcarria de la Fuente begeisterten mit au\u00dfergew\u00f6hnlichen Klangfarben an den Marimbas w\u00e4hrend Johannes Held als Bariton die Rolle des &#8222;Wanderers&#8220; szenisch zwischen Chor und Instrumentalisten wandelnd darstellte.<\/p>\n<figure id=\"attachment_2818\" aria-describedby=\"caption-attachment-2818\" style=\"width: 268px\" class=\"wp-caption aligncenter\"><a href=\"https:\/\/www.singakademie-stuttgart.de\/wp-content\/uploads\/2022\/04\/2022_winterreise_124.jpg\" target=\"_blank\" rel=\"noopener\"><img decoding=\"async\" class=\"wp-image-2818\" src=\"https:\/\/www.singakademie-stuttgart.de\/wp-content\/uploads\/2022\/04\/2022_winterreise_124-201x300.jpg\" alt=\"\" width=\"268\" height=\"400\" srcset=\"https:\/\/www.singakademie-stuttgart.de\/wp-content\/uploads\/2022\/04\/2022_winterreise_124-201x300.jpg 201w, https:\/\/www.singakademie-stuttgart.de\/wp-content\/uploads\/2022\/04\/2022_winterreise_124-150x224.jpg 150w, https:\/\/www.singakademie-stuttgart.de\/wp-content\/uploads\/2022\/04\/2022_winterreise_124-300x448.jpg 300w, https:\/\/www.singakademie-stuttgart.de\/wp-content\/uploads\/2022\/04\/2022_winterreise_124.jpg 536w\" sizes=\"(max-width: 268px) 100vw, 268px\" \/><\/a><figcaption id=\"caption-attachment-2818\" class=\"wp-caption-text\">Foto: Holger Schneider \u00a9 2022<\/figcaption><\/figure>\n<p>Als Chor haben wir mit gro\u00dfer Begeisterung und Freude an dieser besonderen Inszenierung teilgehabt. Die <em>Winterreise<\/em> werden wir dieses Jahr noch an verschiedenen Orten auff\u00fchren.<\/p>\n<p>F\u00fcr uns als Chor stellt die Gattung &#8222;Lied&#8220; in dieser Darbietungsform eine ganz neue und spannende M\u00f6glichkeit dar. Es sind bereits weitere Liedzyklen in Planung.<\/p>\n<p>Wir sind gespannt, wo uns die <a href=\"https:\/\/www.singakademie-stuttgart.de\/index.php\/2022\/05\/die-reise-geht-weiter\/\">Reise<\/a> hinf\u00fchrt und hoffen, dass Sie uns bei einigen Etappen begleiten&#8230;<\/p>\n","protected":false},"excerpt":{"rendered":"<p>Mit der Auff\u00fchrung der Winterreise am 8. April 2022 in der Gaisburger Kirche konnte die Singakademie Stuttgart nach langer Zeit endlich wieder ein eigenes Konzert veranstalten. Urspr\u00fcnglich wurde die Winterreise von Franz Schubert (1797-1828) als Kunstlied f\u00fcr Solo und Klavierbegleitung komponiert. Gregor Meyer (*1979) bearbeitete Schuberts Original als Fassung f\u00fcr Bariton, Chor und Klavier, um &hellip; <\/p>\n<p class=\"link-more\"><a href=\"https:\/\/www.singakademie-stuttgart.de\/index.php\/2022\/04\/auf-der-reise\/\" class=\"more-link\"><span class=\"screen-reader-text\">\u201eAuf der Reise\u201c<\/span> weiterlesen<\/a><\/p>\n","protected":false},"author":3,"featured_media":2815,"comment_status":"closed","ping_status":"closed","sticky":false,"template":"","format":"standard","meta":{"footnotes":""},"categories":[1],"tags":[],"class_list":["post-2813","post","type-post","status-publish","format-standard","has-post-thumbnail","hentry","category-allgemein"],"_links":{"self":[{"href":"https:\/\/www.singakademie-stuttgart.de\/index.php\/wp-json\/wp\/v2\/posts\/2813","targetHints":{"allow":["GET"]}}],"collection":[{"href":"https:\/\/www.singakademie-stuttgart.de\/index.php\/wp-json\/wp\/v2\/posts"}],"about":[{"href":"https:\/\/www.singakademie-stuttgart.de\/index.php\/wp-json\/wp\/v2\/types\/post"}],"author":[{"embeddable":true,"href":"https:\/\/www.singakademie-stuttgart.de\/index.php\/wp-json\/wp\/v2\/users\/3"}],"replies":[{"embeddable":true,"href":"https:\/\/www.singakademie-stuttgart.de\/index.php\/wp-json\/wp\/v2\/comments?post=2813"}],"version-history":[{"count":5,"href":"https:\/\/www.singakademie-stuttgart.de\/index.php\/wp-json\/wp\/v2\/posts\/2813\/revisions"}],"predecessor-version":[{"id":2841,"href":"https:\/\/www.singakademie-stuttgart.de\/index.php\/wp-json\/wp\/v2\/posts\/2813\/revisions\/2841"}],"wp:featuredmedia":[{"embeddable":true,"href":"https:\/\/www.singakademie-stuttgart.de\/index.php\/wp-json\/wp\/v2\/media\/2815"}],"wp:attachment":[{"href":"https:\/\/www.singakademie-stuttgart.de\/index.php\/wp-json\/wp\/v2\/media?parent=2813"}],"wp:term":[{"taxonomy":"category","embeddable":true,"href":"https:\/\/www.singakademie-stuttgart.de\/index.php\/wp-json\/wp\/v2\/categories?post=2813"},{"taxonomy":"post_tag","embeddable":true,"href":"https:\/\/www.singakademie-stuttgart.de\/index.php\/wp-json\/wp\/v2\/tags?post=2813"}],"curies":[{"name":"wp","href":"https:\/\/api.w.org\/{rel}","templated":true}]}}